{"id":4197,"date":"2025-08-29T13:15:00","date_gmt":"2025-08-29T17:15:00","guid":{"rendered":"https:\/\/cedit.cl\/?p=4197"},"modified":"2026-03-10T10:37:50","modified_gmt":"2026-03-10T13:37:50","slug":"nucleo-milenio-cedit-capacita-al-colegio-de-profesoras-y-profesores-en-territorio-bienestar-y-emprendimiento","status":"publish","type":"post","link":"https:\/\/cedit.cl\/en\/2025\/08\/29\/nucleo-milenio-cedit-capacita-al-colegio-de-profesoras-y-profesores-en-territorio-bienestar-y-emprendimiento\/","title":{"rendered":"N\u00facleo Milenio CEDIT capacita al Colegio de Profesoras y Profesores en territorio, bienestar y emprendimiento"},"content":{"rendered":"<p><em>Las jornadas formativas se realizaron el 18 y 25 de agosto y combinaron contenidos te\u00f3ricos, herramientas digitales y material pedag\u00f3gico para el aula.<\/em><\/p>\n\n\n\n<p>El N\u00facleo Milenio en Desarrollo Territorial CEDIT realiz\u00f3 una capacitaci\u00f3n dirigida al Colegio de Profesoras y Profesores de Chile, con el objetivo de fortalecer la comprensi\u00f3n del territorio como un elemento clave para el bienestar y el desarrollo, as\u00ed como entregar herramientas concretas para abordar estos temas en contextos educativos.<\/p>\n\n\n\n<p>La instancia se desarroll\u00f3 en dos jornadas complementarias. La primera, realizada de manera online el <strong>18 de agosto<\/strong>, cont\u00f3 con las exposiciones de <strong>Gustavo Anr\u00edquez<\/strong>, profesor de la Pontificia Universidad Cat\u00f3lica de Chile, quien abord\u00f3 la relaci\u00f3n entre <strong>territorio y bienestar<\/strong>, y de <strong>Pablo Osses<\/strong>, tambi\u00e9n acad\u00e9mico de la UC, quien present\u00f3 la plataforma <strong>Vista Chile<\/strong>, una herramienta digital que permite visualizar y analizar informaci\u00f3n territorial de manera did\u00e1ctica.<\/p>\n\n\n\n<p>La segunda jornada, llevada a cabo el <strong>25 de agosto<\/strong>, profundiz\u00f3 en el uso de <strong>Vista Chile<\/strong>, nuevamente de la mano de Pablo Osses. En esta ocasi\u00f3n se sum\u00f3 <strong>F\u00e9lix Modrego<\/strong>, profesor de la Pontificia Universidad Cat\u00f3lica de Valpara\u00edso, presentando resultados de investigaci\u00f3n del proyecto Fondecyt 1250060 \u00abTrampas Espaciales de Emprendimiento\u00bb, y destacando c\u00f3mo las caracter\u00edsticas de los lugares influyen en las oportunidades de desarrollo econ\u00f3mico local.<\/p>\n\n\n\n<p>En ambas sesiones, <strong>Miguel Carvajal<\/strong>, investigador de CEDIT, present\u00f3 el material pedag\u00f3gico desarrollado por el centro en torno a las tem\u00e1ticas de <strong>Territorio y Bienestar<\/strong> y <strong>Territorio y Emprendimiento<\/strong>. Este material incluye dos gu\u00edas complementarias: una <strong>gu\u00eda para docentes<\/strong> y una <strong>gu\u00eda de actividades para estudiantes<\/strong>, dise\u00f1adas para facilitar la incorporaci\u00f3n de estos contenidos en el trabajo de aula.<\/p>\n\n\n\n<p>Por su parte, <strong>Emma Ant\u00f3n<\/strong>, encargada de comunicaciones de CEDIT, dio a conocer el proyecto de <strong>Proyecci\u00f3n al Medio Externo (PME) \u201cRelatos del Territorio\u201d<\/strong>, iniciativa en la que se enmarcan tanto estas capacitaciones como el programa educativo impulsado por el n\u00facleo. Este proyecto busca acercar el conocimiento sobre desarrollo territorial a distintos p\u00fablicos, especialmente a comunidades educativas.<\/p>\n\n\n\n<p>Con estas jornadas, CEDIT refuerza su compromiso con la educaci\u00f3n y la vinculaci\u00f3n con el medio, promoviendo herramientas y enfoques que permitan comprender el territorio no solo como un espacio geogr\u00e1fico, sino como un factor clave en la calidad de vida y las oportunidades de las personas.<\/p>\n\n\n\n<figure class=\"wp-block-image size-full\"><img decoding=\"async\" src=\"https:\/\/cedit.cl\/wp-content\/uploads\/2026\/01\/F3A1120.jpg\" alt=\"\" class=\"wp-image-4198\"\/><\/figure>\n\n\n\n<figure class=\"wp-block-image size-full\"><img decoding=\"async\" src=\"https:\/\/cedit.cl\/wp-content\/uploads\/2026\/01\/F3A1179.jpg\" alt=\"\" class=\"wp-image-4199\"\/><\/figure>\n\n\n\n<figure class=\"wp-block-image size-full\"><img decoding=\"async\" src=\"https:\/\/cedit.cl\/wp-content\/uploads\/2026\/01\/F3A1172.jpg\" alt=\"\" class=\"wp-image-4200\"\/><\/figure>","protected":false},"excerpt":{"rendered":"<p>Las jornadas formativas se realizaron el 18 y 25 de agosto y combinaron contenidos te\u00f3ricos, herramientas digitales y material pedag\u00f3gico para el aula. El N\u00facleo Milenio en Desarrollo Territorial CEDIT &#8230; <a title=\"N\u00facleo Milenio CEDIT capacita al Colegio de Profesoras y Profesores en territorio, bienestar y emprendimiento\" class=\"read-more\" href=\"https:\/\/cedit.cl\/en\/2025\/08\/29\/nucleo-milenio-cedit-capacita-al-colegio-de-profesoras-y-profesores-en-territorio-bienestar-y-emprendimiento\/\" aria-label=\"Read more about N\u00facleo Milenio CEDIT capacita al Colegio de Profesoras y Profesores en territorio, bienestar y emprendimiento\">Leer m\u00e1s<\/a><\/p>","protected":false},"author":2,"featured_media":4198,"comment_status":"closed","ping_status":"closed","sticky":false,"template":"","format":"standard","meta":{"_acf_changed":false,"_seopress_robots_primary_cat":"","_seopress_titles_title":"","_seopress_titles_desc":"","_seopress_robots_index":"","inline_featured_image":false,"footnotes":""},"categories":[10],"tags":[],"class_list":["post-4197","post","type-post","status-publish","format-standard","has-post-thumbnail","hentry","category-noticias","generate-columns","tablet-grid-50","mobile-grid-100","grid-parent","grid-33","resize-featured-image"],"acf":[],"_links":{"self":[{"href":"https:\/\/cedit.cl\/en\/wp-json\/wp\/v2\/posts\/4197","targetHints":{"allow":["GET"]}}],"collection":[{"href":"https:\/\/cedit.cl\/en\/wp-json\/wp\/v2\/posts"}],"about":[{"href":"https:\/\/cedit.cl\/en\/wp-json\/wp\/v2\/types\/post"}],"author":[{"embeddable":true,"href":"https:\/\/cedit.cl\/en\/wp-json\/wp\/v2\/users\/2"}],"replies":[{"embeddable":true,"href":"https:\/\/cedit.cl\/en\/wp-json\/wp\/v2\/comments?post=4197"}],"version-history":[{"count":3,"href":"https:\/\/cedit.cl\/en\/wp-json\/wp\/v2\/posts\/4197\/revisions"}],"predecessor-version":[{"id":4206,"href":"https:\/\/cedit.cl\/en\/wp-json\/wp\/v2\/posts\/4197\/revisions\/4206"}],"wp:featuredmedia":[{"embeddable":true,"href":"https:\/\/cedit.cl\/en\/wp-json\/wp\/v2\/media\/4198"}],"wp:attachment":[{"href":"https:\/\/cedit.cl\/en\/wp-json\/wp\/v2\/media?parent=4197"}],"wp:term":[{"taxonomy":"category","embeddable":true,"href":"https:\/\/cedit.cl\/en\/wp-json\/wp\/v2\/categories?post=4197"},{"taxonomy":"post_tag","embeddable":true,"href":"https:\/\/cedit.cl\/en\/wp-json\/wp\/v2\/tags?post=4197"}],"curies":[{"name":"wp","href":"https:\/\/api.w.org\/{rel}","templated":true}]}}