{"id":4007,"date":"2023-10-29T16:18:00","date_gmt":"2023-10-29T19:18:00","guid":{"rendered":"https:\/\/cedit.cl\/?p=4007"},"modified":"2025-08-10T16:20:38","modified_gmt":"2025-08-10T20:20:38","slug":"la-tercera-ley-de-usurpaciones-y-fondo-del-asunto","status":"publish","type":"post","link":"https:\/\/cedit.cl\/en\/2023\/10\/29\/la-tercera-ley-de-usurpaciones-y-fondo-del-asunto\/","title":{"rendered":"La Tercera | Ley de usurpaciones y fondo del asunto"},"content":{"rendered":"<figure class=\"wp-block-image size-large\"><img fetchpriority=\"high\" decoding=\"async\" width=\"1024\" height=\"576\" src=\"https:\/\/cedit.cl\/wp-content\/uploads\/2025\/08\/imagen-1024x576.png\" alt=\"\" class=\"wp-image-4008\" srcset=\"https:\/\/cedit.cl\/wp-content\/uploads\/2025\/08\/imagen-1024x576.png 1024w, https:\/\/cedit.cl\/wp-content\/uploads\/2025\/08\/imagen-300x169.png 300w, https:\/\/cedit.cl\/wp-content\/uploads\/2025\/08\/imagen-768x432.png 768w, https:\/\/cedit.cl\/wp-content\/uploads\/2025\/08\/imagen-18x10.png 18w, https:\/\/cedit.cl\/wp-content\/uploads\/2025\/08\/imagen.png 1231w\" sizes=\"(max-width: 1024px) 100vw, 1024px\" \/><\/figure>\n\n\n\n<p>SE\u00d1OR DIRECTOR:<\/p>\n\n\n\n<p>El Senado ha dado un paso importante aprobando 13 de los 14 puntos del veto presentado por el Ejecutivo. Sin embargo, a nombre de Chile Vamos, el senador Felipe Kast anunci\u00f3 que presentar\u00e1n un nuevo proyecto legal para insistir en que haya c\u00e1rcel para la usurpaci\u00f3n en Chile.<\/p>\n\n\n\n<p>La tipificaci\u00f3n como delito de las ocupaciones, sin mayor gradualidad de las penas, pierde de vista un punto clave: la experiencia internacional de M\u00e9xico, Colombia y Brasil indican que lo prioritario es regularizar y atender a las causas de fondo de la ocupaci\u00f3n irregular.<\/p>\n\n\n\n<p>En Chile, seg\u00fan el catastro del Minvu 2022, existen 1.091 campamentos, los que albergan a 71.961 hogares, 31% de los cuales son migrantes.<\/p>\n\n\n\n<p>El aumento de los campamentos se debe al alto costo de la vida, sobre todo en arriendo. El 47% de las personas en campamentos se encuentra en esa situaci\u00f3n debido al alto costo de los arriendos, que representa el 60% del ingreso familiar en Chile, el m\u00e1s alto entre los pa\u00edses de la OCDE.<\/p>\n\n\n\n<p>No solo enfrentamos un importante d\u00e9ficit de vivienda, que seg\u00fan la C\u00e1mara Chilena de Construcci\u00f3n en el 2017 alcanzaba 2,2 millones de personas, sino tambi\u00e9n dificultades para que la poblaci\u00f3n pobre y\/o migrante acceda a la vivienda propia o a pagar un arriendo para vivir dignamente.<\/p>\n\n\n\n<p>Ambos hechos son el fondo del problema de las usurpaciones y lo que no podemos perder de vista en el debate: una ley que criminalice, sin una decidida pol\u00edtica p\u00fablica de vivienda con un fuerte componente de equidad, solo puede generar violencia en el largo plazo.<\/p>\n\n\n\n<p><strong>Mayar\u00ed Castillo<\/strong><\/p>\n\n\n\n<p><strong>Centro de Econom\u00eda y Pol\u00edticas Sociales U. Mayor<\/strong><\/p>\n\n\n\n<p>Publicado en <a href=\"https:\/\/www.latercera.com\/opinion\/noticia\/ley-de-usurpaciones-y-fondo-del-asunto\/PCRRPELGBVDG3HWCE443ADZ5PM\/\">latercera.com<\/a><\/p>","protected":false},"excerpt":{"rendered":"<p>SE\u00d1OR DIRECTOR: El Senado ha dado un paso importante aprobando 13 de los 14 puntos del veto presentado por el Ejecutivo. Sin embargo, a nombre de Chile Vamos, el senador &#8230; <a title=\"La Tercera | Ley de usurpaciones y fondo del asunto\" class=\"read-more\" href=\"https:\/\/cedit.cl\/en\/2023\/10\/29\/la-tercera-ley-de-usurpaciones-y-fondo-del-asunto\/\" aria-label=\"Read more about La Tercera | Ley de usurpaciones y fondo del asunto\">Leer m\u00e1s<\/a><\/p>","protected":false},"author":2,"featured_media":4008,"comment_status":"closed","ping_status":"closed","sticky":false,"template":"","format":"standard","meta":{"_acf_changed":false,"_seopress_robots_primary_cat":"","_seopress_titles_title":"","_seopress_titles_desc":"","_seopress_robots_index":"","inline_featured_image":false,"footnotes":""},"categories":[39],"tags":[],"class_list":["post-4007","post","type-post","status-publish","format-standard","has-post-thumbnail","hentry","category-en-la-prensa","generate-columns","tablet-grid-50","mobile-grid-100","grid-parent","grid-33","resize-featured-image"],"acf":[],"_links":{"self":[{"href":"https:\/\/cedit.cl\/en\/wp-json\/wp\/v2\/posts\/4007","targetHints":{"allow":["GET"]}}],"collection":[{"href":"https:\/\/cedit.cl\/en\/wp-json\/wp\/v2\/posts"}],"about":[{"href":"https:\/\/cedit.cl\/en\/wp-json\/wp\/v2\/types\/post"}],"author":[{"embeddable":true,"href":"https:\/\/cedit.cl\/en\/wp-json\/wp\/v2\/users\/2"}],"replies":[{"embeddable":true,"href":"https:\/\/cedit.cl\/en\/wp-json\/wp\/v2\/comments?post=4007"}],"version-history":[{"count":1,"href":"https:\/\/cedit.cl\/en\/wp-json\/wp\/v2\/posts\/4007\/revisions"}],"predecessor-version":[{"id":4009,"href":"https:\/\/cedit.cl\/en\/wp-json\/wp\/v2\/posts\/4007\/revisions\/4009"}],"wp:featuredmedia":[{"embeddable":true,"href":"https:\/\/cedit.cl\/en\/wp-json\/wp\/v2\/media\/4008"}],"wp:attachment":[{"href":"https:\/\/cedit.cl\/en\/wp-json\/wp\/v2\/media?parent=4007"}],"wp:term":[{"taxonomy":"category","embeddable":true,"href":"https:\/\/cedit.cl\/en\/wp-json\/wp\/v2\/categories?post=4007"},{"taxonomy":"post_tag","embeddable":true,"href":"https:\/\/cedit.cl\/en\/wp-json\/wp\/v2\/tags?post=4007"}],"curies":[{"name":"wp","href":"https:\/\/api.w.org\/{rel}","templated":true}]}}